{"id":2984,"date":"2024-09-17T09:39:35","date_gmt":"2024-09-17T13:39:35","guid":{"rendered":"https:\/\/conscience.ca\/?p=2984"},"modified":"2024-09-17T09:57:21","modified_gmt":"2024-09-17T13:57:21","slug":"faites-connaissance-avec-notre-responsable-des-partenariats-lauriane","status":"publish","type":"post","link":"https:\/\/conscience.ca\/fr\/news\/faites-connaissance-avec-notre-responsable-des-partenariats-lauriane\/","title":{"rendered":"Faites connaissance avec notre responsable des partenariats, Lauriane"},"content":{"rendered":"\n<p>Nous sommes ravis de vous pr\u00e9senter un nouvel \u00e9pisode du podcast de Papa PhD, qui vise \u00e0 aider les \u00e9tudiants \u00e0 s&rsquo;\u00e9panouir au-del\u00e0 du monde universitaire, auquel <a href=\"https:\/\/conscience.ca\/fr\/team-member\/lauriane-gorce\/\">Lauriane Gorce<\/a>, responsable des partenariats de Conscience, \u00e9tait invit\u00e9e. Lauriane a rencontr\u00e9 David lors d&rsquo;un \u00e9v\u00e9nement de r\u00e9seautage et s&rsquo;est jointe au podcast pour partager son parcours et ses id\u00e9es sur la qu\u00eate d&rsquo;une carri\u00e8re \u00e9panouissante qui concilie l&rsquo;impact soci\u00e9tal, le travail et le bonheur personnel.<\/p>\n\n\n\n<p>\u00ab Je crois profond\u00e9ment au grand potentiel de la jeunesse et des \u00e9tudiants ! Je suis honor\u00e9e d&rsquo;avoir eu l&rsquo;occasion de leur dire \u00e0 quel point je crois en leur potentiel. J&rsquo;esp\u00e8re que ce podcast les incitera \u00e0 poursuivre leurs r\u00eaves, \u00e0 contribuer \u00e0 la soci\u00e9t\u00e9 et \u00e0 profiter du chemin \u00bb, d\u00e9clare Lauriane.<\/p>\n\n\n\n<p>Dans cet \u00e9pisode, Lauriane partage \u00e0 quel point elle se sent align\u00e9e dans&nbsp; son r\u00f4le actuel \u00e0 Conscience, un endroit o\u00f9 elle sent que ses valeurs sont en phase avec son travail. Elle parle des principes directeurs qui ont fa\u00e7onn\u00e9 sa carri\u00e8re et ses choix de vie :<\/p>\n\n\n\n<ul class=\"wp-block-list\">\n<li><strong>Suivez votre c\u0153ur et r\u00eavez grand. <\/strong>Lauriane souligne l&rsquo;importance d&#8217;embrasser des ambitions courageuses sans s&rsquo;autocensurer.<\/li>\n\n\n\n<li><strong>S&rsquo;efforcer d&rsquo;\u00eatre plus sage chaque jour. <\/strong>Elle parle de l&rsquo;importance de l&rsquo;apprentissage continu et de l&rsquo;application de ses comp\u00e9tences et de ses connaissances avec sagesse et sens.<\/li>\n\n\n\n<li><strong>Prendre des d\u00e9cisions bas\u00e9es sur l&rsquo;espoir et non sur la peur. <\/strong>Lauriane nous explique comment cet \u00e9tat d&rsquo;esprit l&rsquo;a amen\u00e9e \u00e0 saisir les opportunit\u00e9s qui correspondent \u00e0 ses valeurs.<\/li>\n\n\n\n<li><strong>Appr\u00e9ciez le processus et tirez des enseignements de chaque exp\u00e9rience. <\/strong>Elle partage le fait que m\u00eame les exp\u00e9riences les plus difficiles lui ont offert de pr\u00e9cieuses opportunit\u00e9s d&rsquo;apprentissage.<\/li>\n<\/ul>\n\n\n\n<p>Selon les mots de Lauriane, dans le monde acad\u00e9mique comme celui du travail, les crit\u00e8res de succ\u00e8s sont tout le temps ext\u00e9rieurs. \u00ab Des gens ont d\u00e9cid\u00e9 que \u00e7a allait \u00eatre comme \u00e7a. Mais c&rsquo;est aussi important de se rendre compte de ce que moi j&rsquo;ai envie. Qu&rsquo;est ce qui est important pour moi? C&rsquo;est quoi l&rsquo;essentiel? On n&rsquo;a qu&rsquo;une vie, elle est pr\u00e9cieuse. Qu&rsquo;est ce que j&rsquo;ai envie d&rsquo;en faire? [&#8230;] Se connecter \u00e0 ce que notre petite voix int\u00e9rieure nous demande et r\u00eave, c&rsquo;est tellement important. Dans le monde du travail, il y a une vari\u00e9t\u00e9 si grande de choses qu&rsquo;on peut faire. \u00c7a prend cette sorte de boussole int\u00e9rieure pour s&rsquo;orienter. \u00bb<\/p>\n\n\n\n<p>Nous vous invitons \u00e0 \u00e9couter l&rsquo;histoire de Lauriane et \u00e0 d\u00e9couvrir certaines des valeurs qui motivent son travail \u00e0 Conscience. Merci, David Mendes, d&rsquo;avoir invit\u00e9 Lauriane \u00e0 partager son exp\u00e9rience et sa sagesse avec votre public !<\/p>\n\n\n\n<figure class=\"wp-block-embed is-type-wp-embed is-provider-papa-phd-podcast wp-block-embed-papa-phd-podcast\"><div class=\"wp-block-embed__wrapper\">\n<blockquote class=\"wp-embedded-content\" data-secret=\"uWPdwZmARP\"><a href=\"https:\/\/papaphd.com\/lauriane-gorce\/\">R\u00e9concilier emploi, impact soci\u00e9tal et bonheur avec Lauriane Gorce<\/a><\/blockquote><iframe class=\"wp-embedded-content\" sandbox=\"allow-scripts\" security=\"restricted\" style=\"position: absolute; clip: rect(1px, 1px, 1px, 1px);\" title=\"&#8220;R\u00e9concilier emploi, impact soci\u00e9tal et bonheur avec Lauriane Gorce&#8221; &#8212; Papa Phd Podcast\" src=\"https:\/\/papaphd.com\/lauriane-gorce\/embed\/#?secret=3BJJYd8fjw#?secret=uWPdwZmARP\" data-secret=\"uWPdwZmARP\" width=\"600\" height=\"338\" frameborder=\"0\" marginwidth=\"0\" marginheight=\"0\" scrolling=\"no\"><\/iframe>\n<\/div><\/figure>\n","protected":false},"excerpt":{"rendered":"<p>Nous sommes ravis de vous pr\u00e9senter un nouvel \u00e9pisode du podcast de Papa PhD, qui vise \u00e0 aider les \u00e9tudiants \u00e0 s&rsquo;\u00e9panouir au-del\u00e0 du monde universitaire, auquel Lauriane Gorce, responsable des partenariats de Conscience, \u00e9tait invit\u00e9e. Lauriane a rencontr\u00e9 David lors d&rsquo;un \u00e9v\u00e9nement de r\u00e9seautage et s&rsquo;est jointe au podcast pour partager son parcours et [&hellip;]<\/p>\n","protected":false},"author":5,"featured_media":1297,"comment_status":"closed","ping_status":"closed","sticky":false,"template":"","format":"standard","meta":{"_acf_changed":false,"_jetpack_memberships_contains_paid_content":false,"footnotes":""},"categories":[45],"tags":[],"class_list":["post-2984","post","type-post","status-publish","format-standard","has-post-thumbnail","hentry","category-blogue"],"acf":[],"yoast_head":"<!-- This site is optimized with the Yoast SEO plugin v27.3 - https:\/\/yoast.com\/product\/yoast-seo-wordpress\/ -->\n<title>Faites connaissance avec notre responsable des partenariats, Lauriane - Conscience<\/title>\n<meta name=\"robots\" content=\"index, follow, max-snippet:-1, max-image-preview:large, max-video-preview:-1\" \/>\n<link rel=\"canonical\" href=\"https:\/\/conscience.ca\/fr\/news\/faites-connaissance-avec-notre-responsable-des-partenariats-lauriane\/\" \/>\n<meta property=\"og:locale\" content=\"fr_FR\" \/>\n<meta property=\"og:type\" content=\"article\" \/>\n<meta property=\"og:title\" content=\"Faites connaissance avec notre responsable des partenariats, Lauriane - Conscience\" \/>\n<meta property=\"og:description\" content=\"Nous sommes ravis de vous pr\u00e9senter un nouvel \u00e9pisode du podcast de Papa PhD, qui vise \u00e0 aider les \u00e9tudiants \u00e0 s&rsquo;\u00e9panouir au-del\u00e0 du monde universitaire, auquel Lauriane Gorce, responsable des partenariats de Conscience, \u00e9tait invit\u00e9e. Lauriane a rencontr\u00e9 David lors d&rsquo;un \u00e9v\u00e9nement de r\u00e9seautage et s&rsquo;est jointe au podcast pour partager son parcours et [&hellip;]\" \/>\n<meta property=\"og:url\" content=\"https:\/\/conscience.ca\/fr\/news\/faites-connaissance-avec-notre-responsable-des-partenariats-lauriane\/\" \/>\n<meta property=\"og:site_name\" content=\"Conscience\" \/>\n<meta property=\"article:published_time\" content=\"2024-09-17T13:39:35+00:00\" \/>\n<meta property=\"article:modified_time\" content=\"2024-09-17T13:57:21+00:00\" \/>\n<meta property=\"og:image\" content=\"https:\/\/conscience.ca\/wp-content\/uploads\/2024\/02\/LaurianeGorce.jpg\" \/>\n\t<meta property=\"og:image:width\" content=\"700\" \/>\n\t<meta property=\"og:image:height\" content=\"700\" \/>\n\t<meta property=\"og:image:type\" content=\"image\/jpeg\" \/>\n<meta name=\"author\" content=\"estrid\" \/>\n<meta name=\"twitter:card\" content=\"summary_large_image\" \/>\n<meta name=\"twitter:label1\" content=\"\u00c9crit par\" \/>\n\t<meta name=\"twitter:data1\" content=\"estrid\" \/>\n\t<meta name=\"twitter:label2\" content=\"Dur\u00e9e de lecture estim\u00e9e\" \/>\n\t<meta name=\"twitter:data2\" content=\"3 minutes\" \/>\n<script type=\"application\/ld+json\" class=\"yoast-schema-graph\">{\"@context\":\"https:\\\/\\\/schema.org\",\"@graph\":[{\"@type\":\"Article\",\"@id\":\"https:\\\/\\\/conscience.ca\\\/fr\\\/news\\\/faites-connaissance-avec-notre-responsable-des-partenariats-lauriane\\\/#article\",\"isPartOf\":{\"@id\":\"https:\\\/\\\/conscience.ca\\\/fr\\\/news\\\/faites-connaissance-avec-notre-responsable-des-partenariats-lauriane\\\/\"},\"author\":{\"name\":\"estrid\",\"@id\":\"https:\\\/\\\/conscience.dev.affinitybridge.com\\\/#\\\/schema\\\/person\\\/311289a005e5bce86d8c3856eceb1a63\"},\"headline\":\"Faites connaissance avec notre responsable des partenariats, Lauriane\",\"datePublished\":\"2024-09-17T13:39:35+00:00\",\"dateModified\":\"2024-09-17T13:57:21+00:00\",\"mainEntityOfPage\":{\"@id\":\"https:\\\/\\\/conscience.ca\\\/fr\\\/news\\\/faites-connaissance-avec-notre-responsable-des-partenariats-lauriane\\\/\"},\"wordCount\":493,\"publisher\":{\"@id\":\"https:\\\/\\\/conscience.dev.affinitybridge.com\\\/#organization\"},\"image\":{\"@id\":\"https:\\\/\\\/conscience.ca\\\/fr\\\/news\\\/faites-connaissance-avec-notre-responsable-des-partenariats-lauriane\\\/#primaryimage\"},\"thumbnailUrl\":\"https:\\\/\\\/conscience.ca\\\/wp-content\\\/uploads\\\/2024\\\/02\\\/LaurianeGorce.jpg\",\"articleSection\":[\"Blogue\"],\"inLanguage\":\"fr-FR\"},{\"@type\":\"WebPage\",\"@id\":\"https:\\\/\\\/conscience.ca\\\/fr\\\/news\\\/faites-connaissance-avec-notre-responsable-des-partenariats-lauriane\\\/\",\"url\":\"https:\\\/\\\/conscience.ca\\\/fr\\\/news\\\/faites-connaissance-avec-notre-responsable-des-partenariats-lauriane\\\/\",\"name\":\"Faites connaissance avec notre responsable des partenariats, Lauriane - Conscience\",\"isPartOf\":{\"@id\":\"https:\\\/\\\/conscience.dev.affinitybridge.com\\\/#website\"},\"primaryImageOfPage\":{\"@id\":\"https:\\\/\\\/conscience.ca\\\/fr\\\/news\\\/faites-connaissance-avec-notre-responsable-des-partenariats-lauriane\\\/#primaryimage\"},\"image\":{\"@id\":\"https:\\\/\\\/conscience.ca\\\/fr\\\/news\\\/faites-connaissance-avec-notre-responsable-des-partenariats-lauriane\\\/#primaryimage\"},\"thumbnailUrl\":\"https:\\\/\\\/conscience.ca\\\/wp-content\\\/uploads\\\/2024\\\/02\\\/LaurianeGorce.jpg\",\"datePublished\":\"2024-09-17T13:39:35+00:00\",\"dateModified\":\"2024-09-17T13:57:21+00:00\",\"breadcrumb\":{\"@id\":\"https:\\\/\\\/conscience.ca\\\/fr\\\/news\\\/faites-connaissance-avec-notre-responsable-des-partenariats-lauriane\\\/#breadcrumb\"},\"inLanguage\":\"fr-FR\",\"potentialAction\":[{\"@type\":\"ReadAction\",\"target\":[\"https:\\\/\\\/conscience.ca\\\/fr\\\/news\\\/faites-connaissance-avec-notre-responsable-des-partenariats-lauriane\\\/\"]}]},{\"@type\":\"ImageObject\",\"inLanguage\":\"fr-FR\",\"@id\":\"https:\\\/\\\/conscience.ca\\\/fr\\\/news\\\/faites-connaissance-avec-notre-responsable-des-partenariats-lauriane\\\/#primaryimage\",\"url\":\"https:\\\/\\\/conscience.ca\\\/wp-content\\\/uploads\\\/2024\\\/02\\\/LaurianeGorce.jpg\",\"contentUrl\":\"https:\\\/\\\/conscience.ca\\\/wp-content\\\/uploads\\\/2024\\\/02\\\/LaurianeGorce.jpg\",\"width\":700,\"height\":700,\"caption\":\"Lauriane Gorce is the Partnership Lead for CACHE, the Critical Assessment of Computational Hit-Finding Experiments program. She is curious, courageous and caring. She\u2019s on a mission to explore how innovations (what\u2019s new) can bring true progress to human beings and to our planet (what\u2019s better). She has worked in Europe, Asia and North America, opening black boxes in various sectors: data governance and smart city; AI-based speaker verification and fairness; applied physics and image processing; industrial risk management and interculturalism; innovation public policies and sustainable development; circular economy and public infrastructure; technological start-ups and business strategy. She holds a master's degree in executive engineering from MINES ParisTech\u2014Universit\u00e9 PSL, with a minor in public affairs and innovation. She now lives in Montr\u00e9al where you can find her enjoying a walk in nature, laughing with friends, painting or exploring a new hobby.\"},{\"@type\":\"BreadcrumbList\",\"@id\":\"https:\\\/\\\/conscience.ca\\\/fr\\\/news\\\/faites-connaissance-avec-notre-responsable-des-partenariats-lauriane\\\/#breadcrumb\",\"itemListElement\":[{\"@type\":\"ListItem\",\"position\":1,\"name\":\"Home\",\"item\":\"https:\\\/\\\/conscience.ca\\\/fr\\\/accueil\\\/\"},{\"@type\":\"ListItem\",\"position\":2,\"name\":\"Faites connaissance avec notre responsable des partenariats, Lauriane\"}]},{\"@type\":\"WebSite\",\"@id\":\"https:\\\/\\\/conscience.dev.affinitybridge.com\\\/#website\",\"url\":\"https:\\\/\\\/conscience.dev.affinitybridge.com\\\/\",\"name\":\"Conscience\",\"description\":\"\",\"publisher\":{\"@id\":\"https:\\\/\\\/conscience.dev.affinitybridge.com\\\/#organization\"},\"potentialAction\":[{\"@type\":\"SearchAction\",\"target\":{\"@type\":\"EntryPoint\",\"urlTemplate\":\"https:\\\/\\\/conscience.dev.affinitybridge.com\\\/?s={search_term_string}\"},\"query-input\":{\"@type\":\"PropertyValueSpecification\",\"valueRequired\":true,\"valueName\":\"search_term_string\"}}],\"inLanguage\":\"fr-FR\"},{\"@type\":\"Organization\",\"@id\":\"https:\\\/\\\/conscience.dev.affinitybridge.com\\\/#organization\",\"name\":\"Conscience\",\"url\":\"https:\\\/\\\/conscience.dev.affinitybridge.com\\\/\",\"logo\":{\"@type\":\"ImageObject\",\"inLanguage\":\"fr-FR\",\"@id\":\"https:\\\/\\\/conscience.dev.affinitybridge.com\\\/#\\\/schema\\\/logo\\\/image\\\/\",\"url\":\"https:\\\/\\\/conscience.ca\\\/wp-content\\\/uploads\\\/2024\\\/02\\\/header-logo.svg\",\"contentUrl\":\"https:\\\/\\\/conscience.ca\\\/wp-content\\\/uploads\\\/2024\\\/02\\\/header-logo.svg\",\"caption\":\"Conscience\"},\"image\":{\"@id\":\"https:\\\/\\\/conscience.dev.affinitybridge.com\\\/#\\\/schema\\\/logo\\\/image\\\/\"}},{\"@type\":\"Person\",\"@id\":\"https:\\\/\\\/conscience.dev.affinitybridge.com\\\/#\\\/schema\\\/person\\\/311289a005e5bce86d8c3856eceb1a63\",\"name\":\"estrid\",\"image\":{\"@type\":\"ImageObject\",\"inLanguage\":\"fr-FR\",\"@id\":\"https:\\\/\\\/secure.gravatar.com\\\/avatar\\\/e8a2e8eea8e5b0ecfd003845e6172200c33080059d1b652a0914b69e3ee82f5d?s=96&d=mm&r=g\",\"url\":\"https:\\\/\\\/secure.gravatar.com\\\/avatar\\\/e8a2e8eea8e5b0ecfd003845e6172200c33080059d1b652a0914b69e3ee82f5d?s=96&d=mm&r=g\",\"contentUrl\":\"https:\\\/\\\/secure.gravatar.com\\\/avatar\\\/e8a2e8eea8e5b0ecfd003845e6172200c33080059d1b652a0914b69e3ee82f5d?s=96&d=mm&r=g\",\"caption\":\"estrid\"},\"url\":\"https:\\\/\\\/conscience.ca\\\/fr\\\/news\\\/author\\\/estrid\\\/\"}]}<\/script>\n<!-- \/ Yoast SEO plugin. -->","yoast_head_json":{"title":"Faites connaissance avec notre responsable des partenariats, Lauriane - Conscience","robots":{"index":"index","follow":"follow","max-snippet":"max-snippet:-1","max-image-preview":"max-image-preview:large","max-video-preview":"max-video-preview:-1"},"canonical":"https:\/\/conscience.ca\/fr\/news\/faites-connaissance-avec-notre-responsable-des-partenariats-lauriane\/","og_locale":"fr_FR","og_type":"article","og_title":"Faites connaissance avec notre responsable des partenariats, Lauriane - Conscience","og_description":"Nous sommes ravis de vous pr\u00e9senter un nouvel \u00e9pisode du podcast de Papa PhD, qui vise \u00e0 aider les \u00e9tudiants \u00e0 s&rsquo;\u00e9panouir au-del\u00e0 du monde universitaire, auquel Lauriane Gorce, responsable des partenariats de Conscience, \u00e9tait invit\u00e9e. Lauriane a rencontr\u00e9 David lors d&rsquo;un \u00e9v\u00e9nement de r\u00e9seautage et s&rsquo;est jointe au podcast pour partager son parcours et [&hellip;]","og_url":"https:\/\/conscience.ca\/fr\/news\/faites-connaissance-avec-notre-responsable-des-partenariats-lauriane\/","og_site_name":"Conscience","article_published_time":"2024-09-17T13:39:35+00:00","article_modified_time":"2024-09-17T13:57:21+00:00","og_image":[{"width":700,"height":700,"url":"https:\/\/conscience.ca\/wp-content\/uploads\/2024\/02\/LaurianeGorce.jpg","type":"image\/jpeg"}],"author":"estrid","twitter_card":"summary_large_image","twitter_misc":{"\u00c9crit par":"estrid","Dur\u00e9e de lecture estim\u00e9e":"3 minutes"},"schema":{"@context":"https:\/\/schema.org","@graph":[{"@type":"Article","@id":"https:\/\/conscience.ca\/fr\/news\/faites-connaissance-avec-notre-responsable-des-partenariats-lauriane\/#article","isPartOf":{"@id":"https:\/\/conscience.ca\/fr\/news\/faites-connaissance-avec-notre-responsable-des-partenariats-lauriane\/"},"author":{"name":"estrid","@id":"https:\/\/conscience.dev.affinitybridge.com\/#\/schema\/person\/311289a005e5bce86d8c3856eceb1a63"},"headline":"Faites connaissance avec notre responsable des partenariats, Lauriane","datePublished":"2024-09-17T13:39:35+00:00","dateModified":"2024-09-17T13:57:21+00:00","mainEntityOfPage":{"@id":"https:\/\/conscience.ca\/fr\/news\/faites-connaissance-avec-notre-responsable-des-partenariats-lauriane\/"},"wordCount":493,"publisher":{"@id":"https:\/\/conscience.dev.affinitybridge.com\/#organization"},"image":{"@id":"https:\/\/conscience.ca\/fr\/news\/faites-connaissance-avec-notre-responsable-des-partenariats-lauriane\/#primaryimage"},"thumbnailUrl":"https:\/\/conscience.ca\/wp-content\/uploads\/2024\/02\/LaurianeGorce.jpg","articleSection":["Blogue"],"inLanguage":"fr-FR"},{"@type":"WebPage","@id":"https:\/\/conscience.ca\/fr\/news\/faites-connaissance-avec-notre-responsable-des-partenariats-lauriane\/","url":"https:\/\/conscience.ca\/fr\/news\/faites-connaissance-avec-notre-responsable-des-partenariats-lauriane\/","name":"Faites connaissance avec notre responsable des partenariats, Lauriane - Conscience","isPartOf":{"@id":"https:\/\/conscience.dev.affinitybridge.com\/#website"},"primaryImageOfPage":{"@id":"https:\/\/conscience.ca\/fr\/news\/faites-connaissance-avec-notre-responsable-des-partenariats-lauriane\/#primaryimage"},"image":{"@id":"https:\/\/conscience.ca\/fr\/news\/faites-connaissance-avec-notre-responsable-des-partenariats-lauriane\/#primaryimage"},"thumbnailUrl":"https:\/\/conscience.ca\/wp-content\/uploads\/2024\/02\/LaurianeGorce.jpg","datePublished":"2024-09-17T13:39:35+00:00","dateModified":"2024-09-17T13:57:21+00:00","breadcrumb":{"@id":"https:\/\/conscience.ca\/fr\/news\/faites-connaissance-avec-notre-responsable-des-partenariats-lauriane\/#breadcrumb"},"inLanguage":"fr-FR","potentialAction":[{"@type":"ReadAction","target":["https:\/\/conscience.ca\/fr\/news\/faites-connaissance-avec-notre-responsable-des-partenariats-lauriane\/"]}]},{"@type":"ImageObject","inLanguage":"fr-FR","@id":"https:\/\/conscience.ca\/fr\/news\/faites-connaissance-avec-notre-responsable-des-partenariats-lauriane\/#primaryimage","url":"https:\/\/conscience.ca\/wp-content\/uploads\/2024\/02\/LaurianeGorce.jpg","contentUrl":"https:\/\/conscience.ca\/wp-content\/uploads\/2024\/02\/LaurianeGorce.jpg","width":700,"height":700,"caption":"Lauriane Gorce is the Partnership Lead for CACHE, the Critical Assessment of Computational Hit-Finding Experiments program. She is curious, courageous and caring. She\u2019s on a mission to explore how innovations (what\u2019s new) can bring true progress to human beings and to our planet (what\u2019s better). She has worked in Europe, Asia and North America, opening black boxes in various sectors: data governance and smart city; AI-based speaker verification and fairness; applied physics and image processing; industrial risk management and interculturalism; innovation public policies and sustainable development; circular economy and public infrastructure; technological start-ups and business strategy. She holds a master's degree in executive engineering from MINES ParisTech\u2014Universit\u00e9 PSL, with a minor in public affairs and innovation. She now lives in Montr\u00e9al where you can find her enjoying a walk in nature, laughing with friends, painting or exploring a new hobby."},{"@type":"BreadcrumbList","@id":"https:\/\/conscience.ca\/fr\/news\/faites-connaissance-avec-notre-responsable-des-partenariats-lauriane\/#breadcrumb","itemListElement":[{"@type":"ListItem","position":1,"name":"Home","item":"https:\/\/conscience.ca\/fr\/accueil\/"},{"@type":"ListItem","position":2,"name":"Faites connaissance avec notre responsable des partenariats, Lauriane"}]},{"@type":"WebSite","@id":"https:\/\/conscience.dev.affinitybridge.com\/#website","url":"https:\/\/conscience.dev.affinitybridge.com\/","name":"Conscience","description":"","publisher":{"@id":"https:\/\/conscience.dev.affinitybridge.com\/#organization"},"potentialAction":[{"@type":"SearchAction","target":{"@type":"EntryPoint","urlTemplate":"https:\/\/conscience.dev.affinitybridge.com\/?s={search_term_string}"},"query-input":{"@type":"PropertyValueSpecification","valueRequired":true,"valueName":"search_term_string"}}],"inLanguage":"fr-FR"},{"@type":"Organization","@id":"https:\/\/conscience.dev.affinitybridge.com\/#organization","name":"Conscience","url":"https:\/\/conscience.dev.affinitybridge.com\/","logo":{"@type":"ImageObject","inLanguage":"fr-FR","@id":"https:\/\/conscience.dev.affinitybridge.com\/#\/schema\/logo\/image\/","url":"https:\/\/conscience.ca\/wp-content\/uploads\/2024\/02\/header-logo.svg","contentUrl":"https:\/\/conscience.ca\/wp-content\/uploads\/2024\/02\/header-logo.svg","caption":"Conscience"},"image":{"@id":"https:\/\/conscience.dev.affinitybridge.com\/#\/schema\/logo\/image\/"}},{"@type":"Person","@id":"https:\/\/conscience.dev.affinitybridge.com\/#\/schema\/person\/311289a005e5bce86d8c3856eceb1a63","name":"estrid","image":{"@type":"ImageObject","inLanguage":"fr-FR","@id":"https:\/\/secure.gravatar.com\/avatar\/e8a2e8eea8e5b0ecfd003845e6172200c33080059d1b652a0914b69e3ee82f5d?s=96&d=mm&r=g","url":"https:\/\/secure.gravatar.com\/avatar\/e8a2e8eea8e5b0ecfd003845e6172200c33080059d1b652a0914b69e3ee82f5d?s=96&d=mm&r=g","contentUrl":"https:\/\/secure.gravatar.com\/avatar\/e8a2e8eea8e5b0ecfd003845e6172200c33080059d1b652a0914b69e3ee82f5d?s=96&d=mm&r=g","caption":"estrid"},"url":"https:\/\/conscience.ca\/fr\/news\/author\/estrid\/"}]}},"jetpack_featured_media_url":"https:\/\/conscience.ca\/wp-content\/uploads\/2024\/02\/LaurianeGorce.jpg","jetpack_sharing_enabled":true,"_links":{"self":[{"href":"https:\/\/conscience.ca\/fr\/wp-json\/wp\/v2\/posts\/2984","targetHints":{"allow":["GET"]}}],"collection":[{"href":"https:\/\/conscience.ca\/fr\/wp-json\/wp\/v2\/posts"}],"about":[{"href":"https:\/\/conscience.ca\/fr\/wp-json\/wp\/v2\/types\/post"}],"author":[{"embeddable":true,"href":"https:\/\/conscience.ca\/fr\/wp-json\/wp\/v2\/users\/5"}],"replies":[{"embeddable":true,"href":"https:\/\/conscience.ca\/fr\/wp-json\/wp\/v2\/comments?post=2984"}],"version-history":[{"count":4,"href":"https:\/\/conscience.ca\/fr\/wp-json\/wp\/v2\/posts\/2984\/revisions"}],"predecessor-version":[{"id":2989,"href":"https:\/\/conscience.ca\/fr\/wp-json\/wp\/v2\/posts\/2984\/revisions\/2989"}],"wp:featuredmedia":[{"embeddable":true,"href":"https:\/\/conscience.ca\/fr\/wp-json\/wp\/v2\/media\/1297"}],"wp:attachment":[{"href":"https:\/\/conscience.ca\/fr\/wp-json\/wp\/v2\/media?parent=2984"}],"wp:term":[{"taxonomy":"category","embeddable":true,"href":"https:\/\/conscience.ca\/fr\/wp-json\/wp\/v2\/categories?post=2984"},{"taxonomy":"post_tag","embeddable":true,"href":"https:\/\/conscience.ca\/fr\/wp-json\/wp\/v2\/tags?post=2984"}],"curies":[{"name":"wp","href":"https:\/\/api.w.org\/{rel}","templated":true}]}}