{"id":3352,"date":"2024-12-19T20:22:05","date_gmt":"2024-12-20T01:22:05","guid":{"rendered":"https:\/\/conscience.ca\/?p=3352"},"modified":"2025-01-13T13:40:50","modified_gmt":"2025-01-13T18:40:50","slug":"annonce-dune-transition-dans-la-direction-de-conscience","status":"publish","type":"post","link":"https:\/\/conscience.ca\/fr\/news\/annonce-dune-transition-dans-la-direction-de-conscience\/","title":{"rendered":"Conscience annonce un changement de leadership"},"content":{"rendered":"\n<p>\u00c0 l\u2019aube de la nouvelle ann\u00e9e, nous annon\u00e7ons une transition importante pour Conscience. Nous sommes \u00e0 la recherche d\u2019un nouveau directeur g\u00e9n\u00e9ral ou d\u2019une nouvelle directrice g\u00e9n\u00e9rale, en plus d\u2019un directeur ou une directrice de l\u2019exploitation des programmes pour joindre notre \u00e9quipe de direction et propulser l\u2019organisation vers l\u2019avenir.<\/p>\n\n\n\n<p>Notre tout premier directeur g\u00e9n\u00e9ral, Ryan Merkley, a quitt\u00e9 son poste pour saisir une nouvelle occasion. Nous allons continuer \u00e0 b\u00e2tir Conscience sur les bases qu\u2019il a pos\u00e9es avec le conseil d\u2019administration et les membres du personnel. Au cours de nos deux premi\u00e8res ann\u00e9es d\u2019existence, nous avons fond\u00e9 une nouvelle organisation qui comble un vide important dans le domaine du d\u00e9veloppement de m\u00e9dicaments. Nous avons aussi mis sur pied une \u00e9quipe comp\u00e9tente, passionn\u00e9e et centr\u00e9e sur les objectifs, qui est engag\u00e9e \u00e0 soutenir notre mission et \u00e0 avoir un r\u00e9el impact. Nous avons b\u00e2ti un r\u00e9seau et \u00e9tabli des partenariats solides. Nous avons d\u00e9montr\u00e9 notre expertise en tant que gestionnaire des d\u00e9fis CACHE en favorisant le d\u00e9veloppement de l\u2019IA et de plateformes technologiques pour le d\u00e9veloppement de m\u00e9dicaments.<\/p>\n\n\n\n<p>Les fondations de Conscience sont maintenant bien \u00e9tablies, qu\u2019il s\u2019agisse des syst\u00e8mes et de l\u2019exploitation, des politiques des programmes et de leur planification, ou encore de notre image de marque professionnelle clairement d\u00e9finie. M\u00eame si nous regrettons le d\u00e9part de Ryan, c\u2019est un moment opportun pour Conscience de se tourner vers l\u2019avenir avec une nouvelle direction. Le prochain directeur g\u00e9n\u00e9ral ou la prochaine directrice g\u00e9n\u00e9rale h\u00e9ritera d\u2019une \u00e9quipe motiv\u00e9e et exp\u00e9riment\u00e9e, et pourra s\u2019appuyer sur ces bases pour faire passer l\u2019organisation \u00e0 un niveau sup\u00e9rieur.<\/p>\n\n\n\n<p>Cette semaine, le conseil d\u2019administration publiera<a href=\"https:\/\/conscience.ca\/about-us\/work-with-us\/\"> les postes de directeur g\u00e9n\u00e9ral ou directrice g\u00e9n\u00e9rale et de directeur ou directrice de l\u2019exploitation des programmes<\/a>. Les entretiens avec les candidats commenceront en janvier. Nous vous invitons \u00e0 prendre connaissance des postes et \u00e0 les partager avec vos r\u00e9seaux, ou m\u00eame \u00e0 envisager la possibilit\u00e9 de rejoindre notre \u00e9quipe. En attendant, un comit\u00e9 de direction par int\u00e9rim a \u00e9t\u00e9 mis en place pour assurer la continuit\u00e9 des activit\u00e9s et endosser les responsabilit\u00e9s pendant cette p\u00e9riode de transition. Ce comit\u00e9 supervisera l\u2019exploitation des programmes et les syst\u00e8mes essentiels. Il se compose des personnes suivantes :<\/p>\n\n\n\n<ul class=\"wp-block-list\">\n<li><strong>Anke Mueller-Fahrnow<\/strong>, pr\u00e9sidente du conseil d\u2019administration<\/li>\n\n\n\n<li>\u00a0<strong>Karen Mossman<\/strong>, pr\u00e9sidente du comit\u00e9 talents et culture<\/li>\n\n\n\n<li><strong>Aled Edwards<\/strong>, directeur scientifique<\/li>\n\n\n\n<li><strong>Jeeshan Ifthikar<\/strong>, vice-pr\u00e9sident, finances<\/li>\n\n\n\n<li><strong>Richard Gold<\/strong>, responsable strat\u00e9gie, politiques et d\u00e9veloppement des comp\u00e9tences<\/li>\n\n\n\n<li><strong>Anne Fortier<\/strong>, vice-pr\u00e9sidente, d\u00e9couverte et d\u00e9veloppement de m\u00e9dicaments<\/li>\n<\/ul>\n\n\n\n<p>&nbsp;Le leadership de Ryan a jou\u00e9 un r\u00f4le d\u00e9terminant dans la cr\u00e9ation de Conscience. Sous sa direction, l\u2019organisation s\u2019est b\u00e2tie sur des bases solides, en \u00e9tablissant une identit\u00e9 de marque et une structure de gouvernance, tout en d\u00e9veloppant ses programmes et ses activit\u00e9s. Gr\u00e2ce \u00e0 Ryan et \u00e0 notre \u00e9quipe incroyable, nous sommes convaincus que Conscience est en bonne position pour poursuivre son important travail pendant que nous cherchons notre prochain directeur g\u00e9n\u00e9ral ou prochaine directrice g\u00e9n\u00e9rale. Au nom du conseil d\u2019administration, de l\u2019\u00e9quipe et de tous les membres de Conscience, nous souhaitons exprimer notre profonde gratitude \u00e0 Ryan pour sa contribution exceptionnelle. Sa vision et son d\u00e9vouement ont ouvert la voie \u00e0 un avenir prometteur. Nous lui souhaitons le meilleur dans ses projets \u00e0 venir.&nbsp;<\/p>\n\n\n\n<p>Alors que nous regardons vers l\u2019avenir, nous restons fid\u00e8les \u00e0 notre mission et attach\u00e9s \u00e0 nos valeurs fondamentales, qui sont l\u2019ouverture, la collaboration et l\u2019innovation. Nous vous tiendrons au courant des d\u00e9veloppements dans les prochaines semaines.<\/p>\n","protected":false},"excerpt":{"rendered":"<p>\u00c0 l\u2019aube de la nouvelle ann\u00e9e, nous annon\u00e7ons une transition importante pour Conscience. Nous sommes \u00e0 la recherche d\u2019un nouveau directeur g\u00e9n\u00e9ral ou d\u2019une nouvelle directrice g\u00e9n\u00e9rale, en plus d\u2019un directeur ou une directrice de l\u2019exploitation des programmes pour joindre notre \u00e9quipe de direction et propulser l\u2019organisation vers l\u2019avenir. Notre tout premier directeur g\u00e9n\u00e9ral, Ryan [&hellip;]<\/p>\n","protected":false},"author":5,"featured_media":3375,"comment_status":"closed","ping_status":"closed","sticky":false,"template":"","format":"standard","meta":{"_acf_changed":false,"_jetpack_memberships_contains_paid_content":false,"footnotes":""},"categories":[28],"tags":[],"class_list":["post-3352","post","type-post","status-publish","format-standard","has-post-thumbnail","hentry","category-nouvelles"],"acf":[],"yoast_head":"<!-- This site is optimized with the Yoast SEO plugin v27.3 - https:\/\/yoast.com\/product\/yoast-seo-wordpress\/ -->\n<title>Conscience annonce un changement de leadership - Conscience<\/title>\n<meta name=\"robots\" content=\"index, follow, max-snippet:-1, max-image-preview:large, max-video-preview:-1\" \/>\n<link rel=\"canonical\" href=\"https:\/\/conscience.ca\/fr\/news\/annonce-dune-transition-dans-la-direction-de-conscience\/\" \/>\n<meta property=\"og:locale\" content=\"fr_FR\" \/>\n<meta property=\"og:type\" content=\"article\" \/>\n<meta property=\"og:title\" content=\"Conscience annonce un changement de leadership - Conscience\" \/>\n<meta property=\"og:description\" content=\"\u00c0 l\u2019aube de la nouvelle ann\u00e9e, nous annon\u00e7ons une transition importante pour Conscience. Nous sommes \u00e0 la recherche d\u2019un nouveau directeur g\u00e9n\u00e9ral ou d\u2019une nouvelle directrice g\u00e9n\u00e9rale, en plus d\u2019un directeur ou une directrice de l\u2019exploitation des programmes pour joindre notre \u00e9quipe de direction et propulser l\u2019organisation vers l\u2019avenir. Notre tout premier directeur g\u00e9n\u00e9ral, Ryan [&hellip;]\" \/>\n<meta property=\"og:url\" content=\"https:\/\/conscience.ca\/fr\/news\/annonce-dune-transition-dans-la-direction-de-conscience\/\" \/>\n<meta property=\"og:site_name\" content=\"Conscience\" \/>\n<meta property=\"article:published_time\" content=\"2024-12-20T01:22:05+00:00\" \/>\n<meta property=\"article:modified_time\" content=\"2025-01-13T18:40:50+00:00\" \/>\n<meta property=\"og:image\" content=\"https:\/\/conscience.ca\/wp-content\/uploads\/2024\/12\/Logo-on-red-simple.png\" \/>\n\t<meta property=\"og:image:width\" content=\"2456\" \/>\n\t<meta property=\"og:image:height\" content=\"1396\" \/>\n\t<meta property=\"og:image:type\" content=\"image\/png\" \/>\n<meta name=\"author\" content=\"estrid\" \/>\n<meta name=\"twitter:card\" content=\"summary_large_image\" \/>\n<meta name=\"twitter:label1\" content=\"\u00c9crit par\" \/>\n\t<meta name=\"twitter:data1\" content=\"estrid\" \/>\n\t<meta name=\"twitter:label2\" content=\"Dur\u00e9e de lecture estim\u00e9e\" \/>\n\t<meta name=\"twitter:data2\" content=\"3 minutes\" \/>\n<script type=\"application\/ld+json\" class=\"yoast-schema-graph\">{\"@context\":\"https:\\\/\\\/schema.org\",\"@graph\":[{\"@type\":\"Article\",\"@id\":\"https:\\\/\\\/conscience.ca\\\/fr\\\/news\\\/annonce-dune-transition-dans-la-direction-de-conscience\\\/#article\",\"isPartOf\":{\"@id\":\"https:\\\/\\\/conscience.ca\\\/fr\\\/news\\\/annonce-dune-transition-dans-la-direction-de-conscience\\\/\"},\"author\":{\"name\":\"estrid\",\"@id\":\"https:\\\/\\\/conscience.dev.affinitybridge.com\\\/#\\\/schema\\\/person\\\/311289a005e5bce86d8c3856eceb1a63\"},\"headline\":\"Conscience annonce un changement de leadership\",\"datePublished\":\"2024-12-20T01:22:05+00:00\",\"dateModified\":\"2025-01-13T18:40:50+00:00\",\"mainEntityOfPage\":{\"@id\":\"https:\\\/\\\/conscience.ca\\\/fr\\\/news\\\/annonce-dune-transition-dans-la-direction-de-conscience\\\/\"},\"wordCount\":660,\"publisher\":{\"@id\":\"https:\\\/\\\/conscience.dev.affinitybridge.com\\\/#organization\"},\"image\":{\"@id\":\"https:\\\/\\\/conscience.ca\\\/fr\\\/news\\\/annonce-dune-transition-dans-la-direction-de-conscience\\\/#primaryimage\"},\"thumbnailUrl\":\"https:\\\/\\\/conscience.ca\\\/wp-content\\\/uploads\\\/2024\\\/12\\\/Logo-on-red-simple.png\",\"articleSection\":[\"Nouvelles\"],\"inLanguage\":\"fr-FR\"},{\"@type\":\"WebPage\",\"@id\":\"https:\\\/\\\/conscience.ca\\\/fr\\\/news\\\/annonce-dune-transition-dans-la-direction-de-conscience\\\/\",\"url\":\"https:\\\/\\\/conscience.ca\\\/fr\\\/news\\\/annonce-dune-transition-dans-la-direction-de-conscience\\\/\",\"name\":\"Conscience annonce un changement de leadership - Conscience\",\"isPartOf\":{\"@id\":\"https:\\\/\\\/conscience.dev.affinitybridge.com\\\/#website\"},\"primaryImageOfPage\":{\"@id\":\"https:\\\/\\\/conscience.ca\\\/fr\\\/news\\\/annonce-dune-transition-dans-la-direction-de-conscience\\\/#primaryimage\"},\"image\":{\"@id\":\"https:\\\/\\\/conscience.ca\\\/fr\\\/news\\\/annonce-dune-transition-dans-la-direction-de-conscience\\\/#primaryimage\"},\"thumbnailUrl\":\"https:\\\/\\\/conscience.ca\\\/wp-content\\\/uploads\\\/2024\\\/12\\\/Logo-on-red-simple.png\",\"datePublished\":\"2024-12-20T01:22:05+00:00\",\"dateModified\":\"2025-01-13T18:40:50+00:00\",\"breadcrumb\":{\"@id\":\"https:\\\/\\\/conscience.ca\\\/fr\\\/news\\\/annonce-dune-transition-dans-la-direction-de-conscience\\\/#breadcrumb\"},\"inLanguage\":\"fr-FR\",\"potentialAction\":[{\"@type\":\"ReadAction\",\"target\":[\"https:\\\/\\\/conscience.ca\\\/fr\\\/news\\\/annonce-dune-transition-dans-la-direction-de-conscience\\\/\"]}]},{\"@type\":\"ImageObject\",\"inLanguage\":\"fr-FR\",\"@id\":\"https:\\\/\\\/conscience.ca\\\/fr\\\/news\\\/annonce-dune-transition-dans-la-direction-de-conscience\\\/#primaryimage\",\"url\":\"https:\\\/\\\/conscience.ca\\\/wp-content\\\/uploads\\\/2024\\\/12\\\/Logo-on-red-simple.png\",\"contentUrl\":\"https:\\\/\\\/conscience.ca\\\/wp-content\\\/uploads\\\/2024\\\/12\\\/Logo-on-red-simple.png\",\"width\":2456,\"height\":1396},{\"@type\":\"BreadcrumbList\",\"@id\":\"https:\\\/\\\/conscience.ca\\\/fr\\\/news\\\/annonce-dune-transition-dans-la-direction-de-conscience\\\/#breadcrumb\",\"itemListElement\":[{\"@type\":\"ListItem\",\"position\":1,\"name\":\"Home\",\"item\":\"https:\\\/\\\/conscience.ca\\\/fr\\\/accueil\\\/\"},{\"@type\":\"ListItem\",\"position\":2,\"name\":\"Conscience annonce un changement de leadership\"}]},{\"@type\":\"WebSite\",\"@id\":\"https:\\\/\\\/conscience.dev.affinitybridge.com\\\/#website\",\"url\":\"https:\\\/\\\/conscience.dev.affinitybridge.com\\\/\",\"name\":\"Conscience\",\"description\":\"\",\"publisher\":{\"@id\":\"https:\\\/\\\/conscience.dev.affinitybridge.com\\\/#organization\"},\"potentialAction\":[{\"@type\":\"SearchAction\",\"target\":{\"@type\":\"EntryPoint\",\"urlTemplate\":\"https:\\\/\\\/conscience.dev.affinitybridge.com\\\/?s={search_term_string}\"},\"query-input\":{\"@type\":\"PropertyValueSpecification\",\"valueRequired\":true,\"valueName\":\"search_term_string\"}}],\"inLanguage\":\"fr-FR\"},{\"@type\":\"Organization\",\"@id\":\"https:\\\/\\\/conscience.dev.affinitybridge.com\\\/#organization\",\"name\":\"Conscience\",\"url\":\"https:\\\/\\\/conscience.dev.affinitybridge.com\\\/\",\"logo\":{\"@type\":\"ImageObject\",\"inLanguage\":\"fr-FR\",\"@id\":\"https:\\\/\\\/conscience.dev.affinitybridge.com\\\/#\\\/schema\\\/logo\\\/image\\\/\",\"url\":\"https:\\\/\\\/conscience.ca\\\/wp-content\\\/uploads\\\/2024\\\/02\\\/header-logo.svg\",\"contentUrl\":\"https:\\\/\\\/conscience.ca\\\/wp-content\\\/uploads\\\/2024\\\/02\\\/header-logo.svg\",\"caption\":\"Conscience\"},\"image\":{\"@id\":\"https:\\\/\\\/conscience.dev.affinitybridge.com\\\/#\\\/schema\\\/logo\\\/image\\\/\"}},{\"@type\":\"Person\",\"@id\":\"https:\\\/\\\/conscience.dev.affinitybridge.com\\\/#\\\/schema\\\/person\\\/311289a005e5bce86d8c3856eceb1a63\",\"name\":\"estrid\",\"image\":{\"@type\":\"ImageObject\",\"inLanguage\":\"fr-FR\",\"@id\":\"https:\\\/\\\/secure.gravatar.com\\\/avatar\\\/e8a2e8eea8e5b0ecfd003845e6172200c33080059d1b652a0914b69e3ee82f5d?s=96&d=mm&r=g\",\"url\":\"https:\\\/\\\/secure.gravatar.com\\\/avatar\\\/e8a2e8eea8e5b0ecfd003845e6172200c33080059d1b652a0914b69e3ee82f5d?s=96&d=mm&r=g\",\"contentUrl\":\"https:\\\/\\\/secure.gravatar.com\\\/avatar\\\/e8a2e8eea8e5b0ecfd003845e6172200c33080059d1b652a0914b69e3ee82f5d?s=96&d=mm&r=g\",\"caption\":\"estrid\"},\"url\":\"https:\\\/\\\/conscience.ca\\\/fr\\\/news\\\/author\\\/estrid\\\/\"}]}<\/script>\n<!-- \/ Yoast SEO plugin. -->","yoast_head_json":{"title":"Conscience annonce un changement de leadership - Conscience","robots":{"index":"index","follow":"follow","max-snippet":"max-snippet:-1","max-image-preview":"max-image-preview:large","max-video-preview":"max-video-preview:-1"},"canonical":"https:\/\/conscience.ca\/fr\/news\/annonce-dune-transition-dans-la-direction-de-conscience\/","og_locale":"fr_FR","og_type":"article","og_title":"Conscience annonce un changement de leadership - Conscience","og_description":"\u00c0 l\u2019aube de la nouvelle ann\u00e9e, nous annon\u00e7ons une transition importante pour Conscience. Nous sommes \u00e0 la recherche d\u2019un nouveau directeur g\u00e9n\u00e9ral ou d\u2019une nouvelle directrice g\u00e9n\u00e9rale, en plus d\u2019un directeur ou une directrice de l\u2019exploitation des programmes pour joindre notre \u00e9quipe de direction et propulser l\u2019organisation vers l\u2019avenir. Notre tout premier directeur g\u00e9n\u00e9ral, Ryan [&hellip;]","og_url":"https:\/\/conscience.ca\/fr\/news\/annonce-dune-transition-dans-la-direction-de-conscience\/","og_site_name":"Conscience","article_published_time":"2024-12-20T01:22:05+00:00","article_modified_time":"2025-01-13T18:40:50+00:00","og_image":[{"width":2456,"height":1396,"url":"https:\/\/conscience.ca\/wp-content\/uploads\/2024\/12\/Logo-on-red-simple.png","type":"image\/png"}],"author":"estrid","twitter_card":"summary_large_image","twitter_misc":{"\u00c9crit par":"estrid","Dur\u00e9e de lecture estim\u00e9e":"3 minutes"},"schema":{"@context":"https:\/\/schema.org","@graph":[{"@type":"Article","@id":"https:\/\/conscience.ca\/fr\/news\/annonce-dune-transition-dans-la-direction-de-conscience\/#article","isPartOf":{"@id":"https:\/\/conscience.ca\/fr\/news\/annonce-dune-transition-dans-la-direction-de-conscience\/"},"author":{"name":"estrid","@id":"https:\/\/conscience.dev.affinitybridge.com\/#\/schema\/person\/311289a005e5bce86d8c3856eceb1a63"},"headline":"Conscience annonce un changement de leadership","datePublished":"2024-12-20T01:22:05+00:00","dateModified":"2025-01-13T18:40:50+00:00","mainEntityOfPage":{"@id":"https:\/\/conscience.ca\/fr\/news\/annonce-dune-transition-dans-la-direction-de-conscience\/"},"wordCount":660,"publisher":{"@id":"https:\/\/conscience.dev.affinitybridge.com\/#organization"},"image":{"@id":"https:\/\/conscience.ca\/fr\/news\/annonce-dune-transition-dans-la-direction-de-conscience\/#primaryimage"},"thumbnailUrl":"https:\/\/conscience.ca\/wp-content\/uploads\/2024\/12\/Logo-on-red-simple.png","articleSection":["Nouvelles"],"inLanguage":"fr-FR"},{"@type":"WebPage","@id":"https:\/\/conscience.ca\/fr\/news\/annonce-dune-transition-dans-la-direction-de-conscience\/","url":"https:\/\/conscience.ca\/fr\/news\/annonce-dune-transition-dans-la-direction-de-conscience\/","name":"Conscience annonce un changement de leadership - Conscience","isPartOf":{"@id":"https:\/\/conscience.dev.affinitybridge.com\/#website"},"primaryImageOfPage":{"@id":"https:\/\/conscience.ca\/fr\/news\/annonce-dune-transition-dans-la-direction-de-conscience\/#primaryimage"},"image":{"@id":"https:\/\/conscience.ca\/fr\/news\/annonce-dune-transition-dans-la-direction-de-conscience\/#primaryimage"},"thumbnailUrl":"https:\/\/conscience.ca\/wp-content\/uploads\/2024\/12\/Logo-on-red-simple.png","datePublished":"2024-12-20T01:22:05+00:00","dateModified":"2025-01-13T18:40:50+00:00","breadcrumb":{"@id":"https:\/\/conscience.ca\/fr\/news\/annonce-dune-transition-dans-la-direction-de-conscience\/#breadcrumb"},"inLanguage":"fr-FR","potentialAction":[{"@type":"ReadAction","target":["https:\/\/conscience.ca\/fr\/news\/annonce-dune-transition-dans-la-direction-de-conscience\/"]}]},{"@type":"ImageObject","inLanguage":"fr-FR","@id":"https:\/\/conscience.ca\/fr\/news\/annonce-dune-transition-dans-la-direction-de-conscience\/#primaryimage","url":"https:\/\/conscience.ca\/wp-content\/uploads\/2024\/12\/Logo-on-red-simple.png","contentUrl":"https:\/\/conscience.ca\/wp-content\/uploads\/2024\/12\/Logo-on-red-simple.png","width":2456,"height":1396},{"@type":"BreadcrumbList","@id":"https:\/\/conscience.ca\/fr\/news\/annonce-dune-transition-dans-la-direction-de-conscience\/#breadcrumb","itemListElement":[{"@type":"ListItem","position":1,"name":"Home","item":"https:\/\/conscience.ca\/fr\/accueil\/"},{"@type":"ListItem","position":2,"name":"Conscience annonce un changement de leadership"}]},{"@type":"WebSite","@id":"https:\/\/conscience.dev.affinitybridge.com\/#website","url":"https:\/\/conscience.dev.affinitybridge.com\/","name":"Conscience","description":"","publisher":{"@id":"https:\/\/conscience.dev.affinitybridge.com\/#organization"},"potentialAction":[{"@type":"SearchAction","target":{"@type":"EntryPoint","urlTemplate":"https:\/\/conscience.dev.affinitybridge.com\/?s={search_term_string}"},"query-input":{"@type":"PropertyValueSpecification","valueRequired":true,"valueName":"search_term_string"}}],"inLanguage":"fr-FR"},{"@type":"Organization","@id":"https:\/\/conscience.dev.affinitybridge.com\/#organization","name":"Conscience","url":"https:\/\/conscience.dev.affinitybridge.com\/","logo":{"@type":"ImageObject","inLanguage":"fr-FR","@id":"https:\/\/conscience.dev.affinitybridge.com\/#\/schema\/logo\/image\/","url":"https:\/\/conscience.ca\/wp-content\/uploads\/2024\/02\/header-logo.svg","contentUrl":"https:\/\/conscience.ca\/wp-content\/uploads\/2024\/02\/header-logo.svg","caption":"Conscience"},"image":{"@id":"https:\/\/conscience.dev.affinitybridge.com\/#\/schema\/logo\/image\/"}},{"@type":"Person","@id":"https:\/\/conscience.dev.affinitybridge.com\/#\/schema\/person\/311289a005e5bce86d8c3856eceb1a63","name":"estrid","image":{"@type":"ImageObject","inLanguage":"fr-FR","@id":"https:\/\/secure.gravatar.com\/avatar\/e8a2e8eea8e5b0ecfd003845e6172200c33080059d1b652a0914b69e3ee82f5d?s=96&d=mm&r=g","url":"https:\/\/secure.gravatar.com\/avatar\/e8a2e8eea8e5b0ecfd003845e6172200c33080059d1b652a0914b69e3ee82f5d?s=96&d=mm&r=g","contentUrl":"https:\/\/secure.gravatar.com\/avatar\/e8a2e8eea8e5b0ecfd003845e6172200c33080059d1b652a0914b69e3ee82f5d?s=96&d=mm&r=g","caption":"estrid"},"url":"https:\/\/conscience.ca\/fr\/news\/author\/estrid\/"}]}},"jetpack_featured_media_url":"https:\/\/conscience.ca\/wp-content\/uploads\/2024\/12\/Logo-on-red-simple.png","jetpack_sharing_enabled":true,"_links":{"self":[{"href":"https:\/\/conscience.ca\/fr\/wp-json\/wp\/v2\/posts\/3352","targetHints":{"allow":["GET"]}}],"collection":[{"href":"https:\/\/conscience.ca\/fr\/wp-json\/wp\/v2\/posts"}],"about":[{"href":"https:\/\/conscience.ca\/fr\/wp-json\/wp\/v2\/types\/post"}],"author":[{"embeddable":true,"href":"https:\/\/conscience.ca\/fr\/wp-json\/wp\/v2\/users\/5"}],"replies":[{"embeddable":true,"href":"https:\/\/conscience.ca\/fr\/wp-json\/wp\/v2\/comments?post=3352"}],"version-history":[{"count":4,"href":"https:\/\/conscience.ca\/fr\/wp-json\/wp\/v2\/posts\/3352\/revisions"}],"predecessor-version":[{"id":3398,"href":"https:\/\/conscience.ca\/fr\/wp-json\/wp\/v2\/posts\/3352\/revisions\/3398"}],"wp:featuredmedia":[{"embeddable":true,"href":"https:\/\/conscience.ca\/fr\/wp-json\/wp\/v2\/media\/3375"}],"wp:attachment":[{"href":"https:\/\/conscience.ca\/fr\/wp-json\/wp\/v2\/media?parent=3352"}],"wp:term":[{"taxonomy":"category","embeddable":true,"href":"https:\/\/conscience.ca\/fr\/wp-json\/wp\/v2\/categories?post=3352"},{"taxonomy":"post_tag","embeddable":true,"href":"https:\/\/conscience.ca\/fr\/wp-json\/wp\/v2\/tags?post=3352"}],"curies":[{"name":"wp","href":"https:\/\/api.w.org\/{rel}","templated":true}]}}