{"id":5063,"date":"2026-03-25T10:53:01","date_gmt":"2026-03-25T14:53:01","guid":{"rendered":"https:\/\/conscience.ca\/?p=5063"},"modified":"2026-03-25T10:53:08","modified_gmt":"2026-03-25T14:53:08","slug":"beacon-et-conscience-mis-a-lhonneur-dans-stat-news","status":"publish","type":"post","link":"https:\/\/conscience.ca\/fr\/news\/beacon-et-conscience-mis-a-lhonneur-dans-stat-news\/","title":{"rendered":"BEACON et Conscience mis \u00e0 l&rsquo;honneur dans STAT News"},"content":{"rendered":"\n<h3 class=\"wp-block-heading\">\u00ab <a href=\"https:\/\/www.statnews.com\/2026\/03\/17\/beacon-casp-coalition-tackle-science-reproducibility-crisis\/\">For decades, they\u2019ve set the record straight in biology. Next up: science\u2019s reproducibility crisis<\/a> \u00bb<\/h3>\n\n\n\n<h4 class=\"wp-block-heading\">Par Brittany Trang<\/h4>\n\n\n\n<p>Cet article de STAT News se penche sur le lancement de <a href=\"https:\/\/conscience.ca\/fr\/beacon\/\" type=\"page\" id=\"4951\">BEACON<\/a> (Benchmarking, Evaluation, and Assessment Consortium for Science), une nouvelle initiative internationale visant \u00e0 renforcer les m\u00e9thodes d\u2019analyse comparative, d\u2019\u00e9valuation et de transformation de la recherche scientifique en connaissances fiables. Coordonn\u00e9 par Conscience, BEACON rassemble des responsables d\u2019organisations \u00e0 l\u2019origine d\u2019initiatives reconnues dans le domaine de l\u2019\u00e9valuation critique, notamment DREAM, d\u00e9fi CACHE, OpenADMET et Sage Bionetworks.<\/p>\n\n\n\n<p>L&rsquo;article souligne comment des hypoth\u00e8ses contradictoires et une qualit\u00e9 in\u00e9gale des exp\u00e9riences \u2014 illustr\u00e9es par des d\u00e9cennies de d\u00e9bat autour du g\u00e8ne APOE4 dans la maladie d&rsquo;Alzheimer \u2014 ont rendu difficile pour les chercheurs de s&rsquo;appuyer en toute confiance sur les travaux ant\u00e9rieurs. BEACON vise \u00e0 rem\u00e9dier \u00e0 cela en combinant la rigueur des d\u00e9fis d&rsquo;analyse comparative avec les outils \u00e9mergents d&rsquo;IA, notamment les grands mod\u00e8les linguistiques, afin d&rsquo;\u00e9valuer syst\u00e9matiquement les preuves issues de diff\u00e9rentes \u00e9tudes. L&rsquo;une de ses premi\u00e8res initiatives pr\u00e9vues se concentrera sur l&rsquo;\u00e9valuation de la litt\u00e9rature concernant l&rsquo;APOE4, dans le but d&rsquo;identifier les hypoth\u00e8ses les mieux \u00e9tay\u00e9es et les domaines o\u00f9 des donn\u00e9es suppl\u00e9mentaires sont le plus n\u00e9cessaires.<\/p>\n\n\n\n<p>Au-del\u00e0 de projets sp\u00e9cifiques, BEACON cherche \u00e0 coordonner un \u00e9cosyst\u00e8me fragment\u00e9 de d\u00e9fis scientifiques, \u00e0 am\u00e9liorer les normes de rigueur et de conception, et \u00e0 mettre en place une infrastructure partag\u00e9e pour l&rsquo;acc\u00e8s aux donn\u00e9es et leur \u00e9valuation, tout en respectant des contraintes telles que la confidentialit\u00e9 et la souverainet\u00e9 des donn\u00e9es. Bien que l&rsquo;accent soit initialement mis sur la biologie et la d\u00e9couverte de m\u00e9dicaments, le consortium vise \u00e0 terme \u00e0 \u00e9tendre son approche \u00e0 d&rsquo;autres domaines. Comme le souligne l&rsquo;article, cette initiative refl\u00e8te une prise de conscience croissante du fait que de nouveaux outils et de nouvelles formes de collaboration pourraient \u00eatre essentiels pour s&rsquo;y retrouver dans un corpus scientifique de plus en plus complexe et parfois contradictoire.<\/p>\n\n\n\n<p><a href=\"https:\/\/www.statnews.com\/2026\/03\/17\/beacon-casp-coalition-tackle-science-reproducibility-crisis\/\"><a href=\"https:\/\/www.statnews.com\/2026\/03\/17\/beacon-casp-coalition-tackle-science-reproducibility-crisis\/\">Lire l&rsquo;article complet ici \u00bb<\/a><\/a><\/p>\n","protected":false},"excerpt":{"rendered":"<p>\u00ab For decades, they\u2019ve set the record straight in biology. Next up: science\u2019s reproducibility crisis \u00bb Par Brittany Trang Cet article de STAT News se penche sur le lancement de BEACON (Benchmarking, Evaluation, and Assessment Consortium for Science), une nouvelle initiative internationale visant \u00e0 renforcer les m\u00e9thodes d\u2019analyse comparative, d\u2019\u00e9valuation et de transformation de la [&hellip;]<\/p>\n","protected":false},"author":5,"featured_media":5059,"comment_status":"closed","ping_status":"closed","sticky":false,"template":"","format":"standard","meta":{"_acf_changed":false,"_jetpack_memberships_contains_paid_content":false,"footnotes":""},"categories":[27],"tags":[],"class_list":["post-5063","post","type-post","status-publish","format-standard","has-post-thumbnail","hentry","category-dans-les-actualites"],"acf":[],"yoast_head":"<!-- This site is optimized with the Yoast SEO plugin v27.3 - https:\/\/yoast.com\/product\/yoast-seo-wordpress\/ -->\n<title>BEACON et Conscience mis \u00e0 l&#039;honneur dans STAT News - Conscience<\/title>\n<meta name=\"robots\" content=\"index, follow, max-snippet:-1, max-image-preview:large, max-video-preview:-1\" \/>\n<link rel=\"canonical\" href=\"https:\/\/conscience.ca\/fr\/news\/beacon-et-conscience-mis-a-lhonneur-dans-stat-news\/\" \/>\n<meta property=\"og:locale\" content=\"fr_FR\" \/>\n<meta property=\"og:type\" content=\"article\" \/>\n<meta property=\"og:title\" content=\"BEACON et Conscience mis \u00e0 l&#039;honneur dans STAT News - Conscience\" \/>\n<meta property=\"og:description\" content=\"\u00ab For decades, they\u2019ve set the record straight in biology. Next up: science\u2019s reproducibility crisis \u00bb Par Brittany Trang Cet article de STAT News se penche sur le lancement de BEACON (Benchmarking, Evaluation, and Assessment Consortium for Science), une nouvelle initiative internationale visant \u00e0 renforcer les m\u00e9thodes d\u2019analyse comparative, d\u2019\u00e9valuation et de transformation de la [&hellip;]\" \/>\n<meta property=\"og:url\" content=\"https:\/\/conscience.ca\/fr\/news\/beacon-et-conscience-mis-a-lhonneur-dans-stat-news\/\" \/>\n<meta property=\"og:site_name\" content=\"Conscience\" \/>\n<meta property=\"article:published_time\" content=\"2026-03-25T14:53:01+00:00\" \/>\n<meta property=\"article:modified_time\" content=\"2026-03-25T14:53:08+00:00\" \/>\n<meta property=\"og:image\" content=\"https:\/\/conscience.ca\/wp-content\/uploads\/2026\/03\/AdobeStock_237619432-1600x900-1.jpeg\" \/>\n\t<meta property=\"og:image:width\" content=\"1600\" \/>\n\t<meta property=\"og:image:height\" content=\"900\" \/>\n\t<meta property=\"og:image:type\" content=\"image\/jpeg\" \/>\n<meta name=\"author\" content=\"estrid\" \/>\n<meta name=\"twitter:card\" content=\"summary_large_image\" \/>\n<meta name=\"twitter:label1\" content=\"\u00c9crit par\" \/>\n\t<meta name=\"twitter:data1\" content=\"estrid\" \/>\n\t<meta name=\"twitter:label2\" content=\"Dur\u00e9e de lecture estim\u00e9e\" \/>\n\t<meta name=\"twitter:data2\" content=\"2 minutes\" \/>\n<script type=\"application\/ld+json\" class=\"yoast-schema-graph\">{\"@context\":\"https:\\\/\\\/schema.org\",\"@graph\":[{\"@type\":\"Article\",\"@id\":\"https:\\\/\\\/conscience.ca\\\/fr\\\/news\\\/beacon-et-conscience-mis-a-lhonneur-dans-stat-news\\\/#article\",\"isPartOf\":{\"@id\":\"https:\\\/\\\/conscience.ca\\\/fr\\\/news\\\/beacon-et-conscience-mis-a-lhonneur-dans-stat-news\\\/\"},\"author\":{\"name\":\"estrid\",\"@id\":\"https:\\\/\\\/conscience.dev.affinitybridge.com\\\/#\\\/schema\\\/person\\\/311289a005e5bce86d8c3856eceb1a63\"},\"headline\":\"BEACON et Conscience mis \u00e0 l&rsquo;honneur dans STAT News\",\"datePublished\":\"2026-03-25T14:53:01+00:00\",\"dateModified\":\"2026-03-25T14:53:08+00:00\",\"mainEntityOfPage\":{\"@id\":\"https:\\\/\\\/conscience.ca\\\/fr\\\/news\\\/beacon-et-conscience-mis-a-lhonneur-dans-stat-news\\\/\"},\"wordCount\":374,\"publisher\":{\"@id\":\"https:\\\/\\\/conscience.dev.affinitybridge.com\\\/#organization\"},\"image\":{\"@id\":\"https:\\\/\\\/conscience.ca\\\/fr\\\/news\\\/beacon-et-conscience-mis-a-lhonneur-dans-stat-news\\\/#primaryimage\"},\"thumbnailUrl\":\"https:\\\/\\\/conscience.ca\\\/wp-content\\\/uploads\\\/2026\\\/03\\\/AdobeStock_237619432-1600x900-1.jpeg\",\"articleSection\":[\"Dans les actualit\u00e9s\"],\"inLanguage\":\"fr-FR\"},{\"@type\":\"WebPage\",\"@id\":\"https:\\\/\\\/conscience.ca\\\/fr\\\/news\\\/beacon-et-conscience-mis-a-lhonneur-dans-stat-news\\\/\",\"url\":\"https:\\\/\\\/conscience.ca\\\/fr\\\/news\\\/beacon-et-conscience-mis-a-lhonneur-dans-stat-news\\\/\",\"name\":\"BEACON et Conscience mis \u00e0 l'honneur dans STAT News - Conscience\",\"isPartOf\":{\"@id\":\"https:\\\/\\\/conscience.dev.affinitybridge.com\\\/#website\"},\"primaryImageOfPage\":{\"@id\":\"https:\\\/\\\/conscience.ca\\\/fr\\\/news\\\/beacon-et-conscience-mis-a-lhonneur-dans-stat-news\\\/#primaryimage\"},\"image\":{\"@id\":\"https:\\\/\\\/conscience.ca\\\/fr\\\/news\\\/beacon-et-conscience-mis-a-lhonneur-dans-stat-news\\\/#primaryimage\"},\"thumbnailUrl\":\"https:\\\/\\\/conscience.ca\\\/wp-content\\\/uploads\\\/2026\\\/03\\\/AdobeStock_237619432-1600x900-1.jpeg\",\"datePublished\":\"2026-03-25T14:53:01+00:00\",\"dateModified\":\"2026-03-25T14:53:08+00:00\",\"breadcrumb\":{\"@id\":\"https:\\\/\\\/conscience.ca\\\/fr\\\/news\\\/beacon-et-conscience-mis-a-lhonneur-dans-stat-news\\\/#breadcrumb\"},\"inLanguage\":\"fr-FR\",\"potentialAction\":[{\"@type\":\"ReadAction\",\"target\":[\"https:\\\/\\\/conscience.ca\\\/fr\\\/news\\\/beacon-et-conscience-mis-a-lhonneur-dans-stat-news\\\/\"]}]},{\"@type\":\"ImageObject\",\"inLanguage\":\"fr-FR\",\"@id\":\"https:\\\/\\\/conscience.ca\\\/fr\\\/news\\\/beacon-et-conscience-mis-a-lhonneur-dans-stat-news\\\/#primaryimage\",\"url\":\"https:\\\/\\\/conscience.ca\\\/wp-content\\\/uploads\\\/2026\\\/03\\\/AdobeStock_237619432-1600x900-1.jpeg\",\"contentUrl\":\"https:\\\/\\\/conscience.ca\\\/wp-content\\\/uploads\\\/2026\\\/03\\\/AdobeStock_237619432-1600x900-1.jpeg\",\"width\":1600,\"height\":900},{\"@type\":\"BreadcrumbList\",\"@id\":\"https:\\\/\\\/conscience.ca\\\/fr\\\/news\\\/beacon-et-conscience-mis-a-lhonneur-dans-stat-news\\\/#breadcrumb\",\"itemListElement\":[{\"@type\":\"ListItem\",\"position\":1,\"name\":\"Home\",\"item\":\"https:\\\/\\\/conscience.ca\\\/fr\\\/accueil\\\/\"},{\"@type\":\"ListItem\",\"position\":2,\"name\":\"BEACON et Conscience mis \u00e0 l&#8217;honneur dans STAT News\"}]},{\"@type\":\"WebSite\",\"@id\":\"https:\\\/\\\/conscience.dev.affinitybridge.com\\\/#website\",\"url\":\"https:\\\/\\\/conscience.dev.affinitybridge.com\\\/\",\"name\":\"Conscience\",\"description\":\"\",\"publisher\":{\"@id\":\"https:\\\/\\\/conscience.dev.affinitybridge.com\\\/#organization\"},\"potentialAction\":[{\"@type\":\"SearchAction\",\"target\":{\"@type\":\"EntryPoint\",\"urlTemplate\":\"https:\\\/\\\/conscience.dev.affinitybridge.com\\\/?s={search_term_string}\"},\"query-input\":{\"@type\":\"PropertyValueSpecification\",\"valueRequired\":true,\"valueName\":\"search_term_string\"}}],\"inLanguage\":\"fr-FR\"},{\"@type\":\"Organization\",\"@id\":\"https:\\\/\\\/conscience.dev.affinitybridge.com\\\/#organization\",\"name\":\"Conscience\",\"url\":\"https:\\\/\\\/conscience.dev.affinitybridge.com\\\/\",\"logo\":{\"@type\":\"ImageObject\",\"inLanguage\":\"fr-FR\",\"@id\":\"https:\\\/\\\/conscience.dev.affinitybridge.com\\\/#\\\/schema\\\/logo\\\/image\\\/\",\"url\":\"https:\\\/\\\/conscience.ca\\\/wp-content\\\/uploads\\\/2024\\\/02\\\/header-logo.svg\",\"contentUrl\":\"https:\\\/\\\/conscience.ca\\\/wp-content\\\/uploads\\\/2024\\\/02\\\/header-logo.svg\",\"caption\":\"Conscience\"},\"image\":{\"@id\":\"https:\\\/\\\/conscience.dev.affinitybridge.com\\\/#\\\/schema\\\/logo\\\/image\\\/\"}},{\"@type\":\"Person\",\"@id\":\"https:\\\/\\\/conscience.dev.affinitybridge.com\\\/#\\\/schema\\\/person\\\/311289a005e5bce86d8c3856eceb1a63\",\"name\":\"estrid\",\"image\":{\"@type\":\"ImageObject\",\"inLanguage\":\"fr-FR\",\"@id\":\"https:\\\/\\\/secure.gravatar.com\\\/avatar\\\/e8a2e8eea8e5b0ecfd003845e6172200c33080059d1b652a0914b69e3ee82f5d?s=96&d=mm&r=g\",\"url\":\"https:\\\/\\\/secure.gravatar.com\\\/avatar\\\/e8a2e8eea8e5b0ecfd003845e6172200c33080059d1b652a0914b69e3ee82f5d?s=96&d=mm&r=g\",\"contentUrl\":\"https:\\\/\\\/secure.gravatar.com\\\/avatar\\\/e8a2e8eea8e5b0ecfd003845e6172200c33080059d1b652a0914b69e3ee82f5d?s=96&d=mm&r=g\",\"caption\":\"estrid\"},\"url\":\"https:\\\/\\\/conscience.ca\\\/fr\\\/news\\\/author\\\/estrid\\\/\"}]}<\/script>\n<!-- \/ Yoast SEO plugin. -->","yoast_head_json":{"title":"BEACON et Conscience mis \u00e0 l'honneur dans STAT News - Conscience","robots":{"index":"index","follow":"follow","max-snippet":"max-snippet:-1","max-image-preview":"max-image-preview:large","max-video-preview":"max-video-preview:-1"},"canonical":"https:\/\/conscience.ca\/fr\/news\/beacon-et-conscience-mis-a-lhonneur-dans-stat-news\/","og_locale":"fr_FR","og_type":"article","og_title":"BEACON et Conscience mis \u00e0 l'honneur dans STAT News - Conscience","og_description":"\u00ab For decades, they\u2019ve set the record straight in biology. Next up: science\u2019s reproducibility crisis \u00bb Par Brittany Trang Cet article de STAT News se penche sur le lancement de BEACON (Benchmarking, Evaluation, and Assessment Consortium for Science), une nouvelle initiative internationale visant \u00e0 renforcer les m\u00e9thodes d\u2019analyse comparative, d\u2019\u00e9valuation et de transformation de la [&hellip;]","og_url":"https:\/\/conscience.ca\/fr\/news\/beacon-et-conscience-mis-a-lhonneur-dans-stat-news\/","og_site_name":"Conscience","article_published_time":"2026-03-25T14:53:01+00:00","article_modified_time":"2026-03-25T14:53:08+00:00","og_image":[{"width":1600,"height":900,"url":"https:\/\/conscience.ca\/wp-content\/uploads\/2026\/03\/AdobeStock_237619432-1600x900-1.jpeg","type":"image\/jpeg"}],"author":"estrid","twitter_card":"summary_large_image","twitter_misc":{"\u00c9crit par":"estrid","Dur\u00e9e de lecture estim\u00e9e":"2 minutes"},"schema":{"@context":"https:\/\/schema.org","@graph":[{"@type":"Article","@id":"https:\/\/conscience.ca\/fr\/news\/beacon-et-conscience-mis-a-lhonneur-dans-stat-news\/#article","isPartOf":{"@id":"https:\/\/conscience.ca\/fr\/news\/beacon-et-conscience-mis-a-lhonneur-dans-stat-news\/"},"author":{"name":"estrid","@id":"https:\/\/conscience.dev.affinitybridge.com\/#\/schema\/person\/311289a005e5bce86d8c3856eceb1a63"},"headline":"BEACON et Conscience mis \u00e0 l&rsquo;honneur dans STAT News","datePublished":"2026-03-25T14:53:01+00:00","dateModified":"2026-03-25T14:53:08+00:00","mainEntityOfPage":{"@id":"https:\/\/conscience.ca\/fr\/news\/beacon-et-conscience-mis-a-lhonneur-dans-stat-news\/"},"wordCount":374,"publisher":{"@id":"https:\/\/conscience.dev.affinitybridge.com\/#organization"},"image":{"@id":"https:\/\/conscience.ca\/fr\/news\/beacon-et-conscience-mis-a-lhonneur-dans-stat-news\/#primaryimage"},"thumbnailUrl":"https:\/\/conscience.ca\/wp-content\/uploads\/2026\/03\/AdobeStock_237619432-1600x900-1.jpeg","articleSection":["Dans les actualit\u00e9s"],"inLanguage":"fr-FR"},{"@type":"WebPage","@id":"https:\/\/conscience.ca\/fr\/news\/beacon-et-conscience-mis-a-lhonneur-dans-stat-news\/","url":"https:\/\/conscience.ca\/fr\/news\/beacon-et-conscience-mis-a-lhonneur-dans-stat-news\/","name":"BEACON et Conscience mis \u00e0 l'honneur dans STAT News - Conscience","isPartOf":{"@id":"https:\/\/conscience.dev.affinitybridge.com\/#website"},"primaryImageOfPage":{"@id":"https:\/\/conscience.ca\/fr\/news\/beacon-et-conscience-mis-a-lhonneur-dans-stat-news\/#primaryimage"},"image":{"@id":"https:\/\/conscience.ca\/fr\/news\/beacon-et-conscience-mis-a-lhonneur-dans-stat-news\/#primaryimage"},"thumbnailUrl":"https:\/\/conscience.ca\/wp-content\/uploads\/2026\/03\/AdobeStock_237619432-1600x900-1.jpeg","datePublished":"2026-03-25T14:53:01+00:00","dateModified":"2026-03-25T14:53:08+00:00","breadcrumb":{"@id":"https:\/\/conscience.ca\/fr\/news\/beacon-et-conscience-mis-a-lhonneur-dans-stat-news\/#breadcrumb"},"inLanguage":"fr-FR","potentialAction":[{"@type":"ReadAction","target":["https:\/\/conscience.ca\/fr\/news\/beacon-et-conscience-mis-a-lhonneur-dans-stat-news\/"]}]},{"@type":"ImageObject","inLanguage":"fr-FR","@id":"https:\/\/conscience.ca\/fr\/news\/beacon-et-conscience-mis-a-lhonneur-dans-stat-news\/#primaryimage","url":"https:\/\/conscience.ca\/wp-content\/uploads\/2026\/03\/AdobeStock_237619432-1600x900-1.jpeg","contentUrl":"https:\/\/conscience.ca\/wp-content\/uploads\/2026\/03\/AdobeStock_237619432-1600x900-1.jpeg","width":1600,"height":900},{"@type":"BreadcrumbList","@id":"https:\/\/conscience.ca\/fr\/news\/beacon-et-conscience-mis-a-lhonneur-dans-stat-news\/#breadcrumb","itemListElement":[{"@type":"ListItem","position":1,"name":"Home","item":"https:\/\/conscience.ca\/fr\/accueil\/"},{"@type":"ListItem","position":2,"name":"BEACON et Conscience mis \u00e0 l&#8217;honneur dans STAT News"}]},{"@type":"WebSite","@id":"https:\/\/conscience.dev.affinitybridge.com\/#website","url":"https:\/\/conscience.dev.affinitybridge.com\/","name":"Conscience","description":"","publisher":{"@id":"https:\/\/conscience.dev.affinitybridge.com\/#organization"},"potentialAction":[{"@type":"SearchAction","target":{"@type":"EntryPoint","urlTemplate":"https:\/\/conscience.dev.affinitybridge.com\/?s={search_term_string}"},"query-input":{"@type":"PropertyValueSpecification","valueRequired":true,"valueName":"search_term_string"}}],"inLanguage":"fr-FR"},{"@type":"Organization","@id":"https:\/\/conscience.dev.affinitybridge.com\/#organization","name":"Conscience","url":"https:\/\/conscience.dev.affinitybridge.com\/","logo":{"@type":"ImageObject","inLanguage":"fr-FR","@id":"https:\/\/conscience.dev.affinitybridge.com\/#\/schema\/logo\/image\/","url":"https:\/\/conscience.ca\/wp-content\/uploads\/2024\/02\/header-logo.svg","contentUrl":"https:\/\/conscience.ca\/wp-content\/uploads\/2024\/02\/header-logo.svg","caption":"Conscience"},"image":{"@id":"https:\/\/conscience.dev.affinitybridge.com\/#\/schema\/logo\/image\/"}},{"@type":"Person","@id":"https:\/\/conscience.dev.affinitybridge.com\/#\/schema\/person\/311289a005e5bce86d8c3856eceb1a63","name":"estrid","image":{"@type":"ImageObject","inLanguage":"fr-FR","@id":"https:\/\/secure.gravatar.com\/avatar\/e8a2e8eea8e5b0ecfd003845e6172200c33080059d1b652a0914b69e3ee82f5d?s=96&d=mm&r=g","url":"https:\/\/secure.gravatar.com\/avatar\/e8a2e8eea8e5b0ecfd003845e6172200c33080059d1b652a0914b69e3ee82f5d?s=96&d=mm&r=g","contentUrl":"https:\/\/secure.gravatar.com\/avatar\/e8a2e8eea8e5b0ecfd003845e6172200c33080059d1b652a0914b69e3ee82f5d?s=96&d=mm&r=g","caption":"estrid"},"url":"https:\/\/conscience.ca\/fr\/news\/author\/estrid\/"}]}},"jetpack_featured_media_url":"https:\/\/conscience.ca\/wp-content\/uploads\/2026\/03\/AdobeStock_237619432-1600x900-1.jpeg","jetpack_sharing_enabled":true,"_links":{"self":[{"href":"https:\/\/conscience.ca\/fr\/wp-json\/wp\/v2\/posts\/5063","targetHints":{"allow":["GET"]}}],"collection":[{"href":"https:\/\/conscience.ca\/fr\/wp-json\/wp\/v2\/posts"}],"about":[{"href":"https:\/\/conscience.ca\/fr\/wp-json\/wp\/v2\/types\/post"}],"author":[{"embeddable":true,"href":"https:\/\/conscience.ca\/fr\/wp-json\/wp\/v2\/users\/5"}],"replies":[{"embeddable":true,"href":"https:\/\/conscience.ca\/fr\/wp-json\/wp\/v2\/comments?post=5063"}],"version-history":[{"count":1,"href":"https:\/\/conscience.ca\/fr\/wp-json\/wp\/v2\/posts\/5063\/revisions"}],"predecessor-version":[{"id":5064,"href":"https:\/\/conscience.ca\/fr\/wp-json\/wp\/v2\/posts\/5063\/revisions\/5064"}],"wp:featuredmedia":[{"embeddable":true,"href":"https:\/\/conscience.ca\/fr\/wp-json\/wp\/v2\/media\/5059"}],"wp:attachment":[{"href":"https:\/\/conscience.ca\/fr\/wp-json\/wp\/v2\/media?parent=5063"}],"wp:term":[{"taxonomy":"category","embeddable":true,"href":"https:\/\/conscience.ca\/fr\/wp-json\/wp\/v2\/categories?post=5063"},{"taxonomy":"post_tag","embeddable":true,"href":"https:\/\/conscience.ca\/fr\/wp-json\/wp\/v2\/tags?post=5063"}],"curies":[{"name":"wp","href":"https:\/\/api.w.org\/{rel}","templated":true}]}}